{"id":3725,"date":"2023-10-02T12:52:00","date_gmt":"2023-10-02T12:52:00","guid":{"rendered":"https:\/\/orpheus.hr\/hr\/?p=3725"},"modified":"2024-09-29T21:36:40","modified_gmt":"2024-09-29T21:36:40","slug":"intenzivni-tjedan-27-10-02-11-2022-banja-kulasi-u-blizini-prnjavora-bih","status":"publish","type":"post","link":"https:\/\/orpheus.hr\/hr\/intenzivni-tjedan-27-10-02-11-2022-banja-kulasi-u-blizini-prnjavora-bih\/","title":{"rendered":"Intenzivni tjedan: 20.11. &#8211; 24.11.2024.          Banja Kula\u0161i (u blizini Prnjavora, BiH)"},"content":{"rendered":"\r\n<p>Banja Kula\u0161i postaje stalno mjesto pjevanja po metodi &#8220;\u0160kole za otkrivanje glasa&#8221;. Ve\u0107 tre\u0107u godinu nastavljamo sa dobrom praksom uskla\u0111ivanja brige o glasu sa dnevnom brigom o svom tijelu.<br \/>Tijekom sedam dana boravka u banji Kula\u0161i imati \u0107emo petodnevni seminar (2&#215;2 sada dnevno). Seminar \u0107e se odvijati u popodnevnim i ve\u010dernjim satima.<br \/>Ovo je i prilika da vidimo kakav \u0107e utjecaj jutarnjih terapija imati na glas, te kakav rezultat mo\u017eemo posti\u0107i kombiniranjem vi\u0161e metoda.<br \/>Kao i do sada, imati \u0107emo prilike i\u0107i u dublje upoznavanje svog glasa a tako i samih sebe.<\/p>\r\n\r\n\r\n\r\n<p><br \/>Cijena seminara: 200 eura<\/p>\r\n\r\n\r\n\r\n<p>Informacije i prijave:<br \/>Martina Len\u010dek, tel\u00a0: +386-64114 438, martina.med@gmail.com<br \/>Baldo Mikuli\u0107, Horvatovac 92, 10 000 Zagreb<br \/>tel: 091-1714-322, e-mail: info@orpheus.hr<\/p>\r\n<!-- Facebook Members Plugin by Crunchify: http:\/\/Crunchify.com\/facebook-members\/ -->\n\t\t<div class=\"fb-recommendations-bar\" data-href=\"https:\/\/orpheus.hr\/hr\/intenzivni-tjedan-27-10-02-11-2022-banja-kulasi-u-blizini-prnjavora-bih\/\" data-read-time=\"5\" data-side=\"\" data-action=\"like\"><\/div>","protected":false},"excerpt":{"rendered":"<p>Banja Kula\u0161i postaje stalno mjesto pjevanja po metodi &#8220;\u0160kole za otkrivanje glasa&#8221;. Ve\u0107 tre\u0107u godinu nastavljamo sa dobrom praksom uskla\u0111ivanja brige o glasu sa dnevnom brigom o svom tijelu.Tijekom sedam dana boravka u banji Kula\u0161i imati \u0107emo petodnevni seminar (2&#215;2 sada dnevno). Seminar \u0107e se odvijati u popodnevnim i ve\u010dernjim satima.Ovo je i prilika da&#8230;<\/p>\n","protected":false},"author":2,"featured_media":3730,"comment_status":"open","ping_status":"open","sticky":false,"template":"","format":"standard","meta":{"_monsterinsights_skip_tracking":false,"_monsterinsights_sitenote_active":false,"_monsterinsights_sitenote_note":"","_monsterinsights_sitenote_category":0,"_uf_show_specific_survey":0,"_uf_disable_surveys":false,"footnotes":""},"categories":[18,12],"tags":[],"class_list":["post-3725","post","type-post","status-publish","format-standard","has-post-thumbnail","hentry","category-aktualni-seminari","category-vijesti"],"aioseo_notices":[],"_links":{"self":[{"href":"https:\/\/orpheus.hr\/hr\/wp-json\/wp\/v2\/posts\/3725","targetHints":{"allow":["GET"]}}],"collection":[{"href":"https:\/\/orpheus.hr\/hr\/wp-json\/wp\/v2\/posts"}],"about":[{"href":"https:\/\/orpheus.hr\/hr\/wp-json\/wp\/v2\/types\/post"}],"author":[{"embeddable":true,"href":"https:\/\/orpheus.hr\/hr\/wp-json\/wp\/v2\/users\/2"}],"replies":[{"embeddable":true,"href":"https:\/\/orpheus.hr\/hr\/wp-json\/wp\/v2\/comments?post=3725"}],"version-history":[{"count":6,"href":"https:\/\/orpheus.hr\/hr\/wp-json\/wp\/v2\/posts\/3725\/revisions"}],"predecessor-version":[{"id":23712,"href":"https:\/\/orpheus.hr\/hr\/wp-json\/wp\/v2\/posts\/3725\/revisions\/23712"}],"wp:featuredmedia":[{"embeddable":true,"href":"https:\/\/orpheus.hr\/hr\/wp-json\/wp\/v2\/media\/3730"}],"wp:attachment":[{"href":"https:\/\/orpheus.hr\/hr\/wp-json\/wp\/v2\/media?parent=3725"}],"wp:term":[{"taxonomy":"category","embeddable":true,"href":"https:\/\/orpheus.hr\/hr\/wp-json\/wp\/v2\/categories?post=3725"},{"taxonomy":"post_tag","embeddable":true,"href":"https:\/\/orpheus.hr\/hr\/wp-json\/wp\/v2\/tags?post=3725"}],"curies":[{"name":"wp","href":"https:\/\/api.w.org\/{rel}","templated":true}]}}