{"id":2165,"date":"2025-11-05T06:36:15","date_gmt":"2025-11-05T06:36:15","guid":{"rendered":"http:\/\/orpheus.hr\/?p=2165"},"modified":"2025-11-05T10:25:18","modified_gmt":"2025-11-05T10:25:18","slug":"kurs-zpivani-praha","status":"publish","type":"post","link":"https:\/\/orpheus.hr\/hr\/kurs-zpivani-praha\/","title":{"rendered":"Kurs  zp\u00edv\u00e1n\u00ed &#8211; Praha, 13. \u2013 14. 03. 2026."},"content":{"rendered":"<p>Praha, 13. \u2013 14. 03. 2026.<\/p>\n<p><strong>Z\u0160 a S\u0160 waldorfsk\u00e1, K\u0159ejpsk\u00e9ho 1501, Praha 4<\/strong><\/p>\n<p>\u00da\u010dast na p\u011bveck\u00fdch kursech Werbeck je jak pro za\u010d\u00e1te\u010dniky, amat\u00e9ry, tak i pro aktivn\u00ed zp\u011bvaky. B\u011bhem kursu bude kladen d\u016fraz na p\u0159\u00edstup pan\u00ed Werbeck k hlasu.<\/p>\n<p>Kurs bude zahrnovat p\u011bveck\u00e1 cvi\u010den\u00ed pan\u00ed Werbeck, sborov\u00e9 i s\u00f3lov\u00e9 zp\u00edv\u00e1n\u00ed.<\/p>\n<p>Z\u00c1PIS DO KURSU JE NUTN\u00dd!<\/p>\n<p><b>CENA:<br \/>\n<\/b><\/p>\n<p>3000 K\u010d<\/p>\n<p>P\u00e1tek:\u00a0 (13.03.): 16,00 &#8211; 20,00<\/p>\n<p>Subota (14.03.): 09,00 &#8211; 13,00 a 14,00 &#8211; 17,00<\/p>\n<p>INDIVIDU\u00c1LN\u00cd LEKCE\u00a0 \u00a0 600 K\u010d<\/p>\n<p>TERAPEUTICK\u00c1 LEKCE\u00a0 700 K\u010d<\/p>\n<p>(indiv. i terap.l. objednat p\u0159edem u Ivany Jansenov\u00e9)<\/p>\n<p><strong><br \/>\nP\u0159ihl<span style=\"line-height: 1.5em;\">\u00e1\u0161ky a informace<\/span>:<\/strong><\/p>\n<p><strong><span style=\"line-height: 1.5em;\">Ivana Jansenov\u00e1<\/span><\/strong><\/p>\n<p><span style=\"line-height: 1.5em;\">tel: 607 817 266<\/span><\/p>\n<div><a href=\"mailto:jana.sindelarova64@gmail.co\" target=\"_blank\" rel=\"noopener\">baldo.praha@seznam.cz<\/a><\/div>\n<!-- Facebook Members Plugin by Crunchify: http:\/\/Crunchify.com\/facebook-members\/ -->\n\t\t<div class=\"fb-recommendations-bar\" data-href=\"https:\/\/orpheus.hr\/hr\/kurs-zpivani-praha\/\" data-read-time=\"5\" data-side=\"\" data-action=\"like\"><\/div>","protected":false},"excerpt":{"rendered":"<p>Praha, 13. \u2013 14. 03. 2026. Z\u0160 a S\u0160 waldorfsk\u00e1, K\u0159ejpsk\u00e9ho 1501, Praha 4 \u00da\u010dast na p\u011bveck\u00fdch kursech Werbeck je jak pro za\u010d\u00e1te\u010dniky, amat\u00e9ry, tak i pro aktivn\u00ed zp\u011bvaky. B\u011bhem kursu bude kladen d\u016fraz na p\u0159\u00edstup pan\u00ed Werbeck k hlasu. Kurs bude zahrnovat p\u011bveck\u00e1 cvi\u010den\u00ed pan\u00ed Werbeck, sborov\u00e9 i s\u00f3lov\u00e9 zp\u00edv\u00e1n\u00ed. Z\u00c1PIS DO KURSU JE&#8230;<\/p>\n","protected":false},"author":2,"featured_media":0,"comment_status":"closed","ping_status":"closed","sticky":false,"template":"","format":"standard","meta":{"_monsterinsights_skip_tracking":false,"_monsterinsights_sitenote_active":false,"_monsterinsights_sitenote_note":"","_monsterinsights_sitenote_category":0,"_uf_show_specific_survey":0,"_uf_disable_surveys":false,"footnotes":""},"categories":[2],"tags":[],"class_list":["post-2165","post","type-post","status-publish","format-standard","hentry","category-aktualni-seminare"],"aioseo_notices":[],"_links":{"self":[{"href":"https:\/\/orpheus.hr\/hr\/wp-json\/wp\/v2\/posts\/2165","targetHints":{"allow":["GET"]}}],"collection":[{"href":"https:\/\/orpheus.hr\/hr\/wp-json\/wp\/v2\/posts"}],"about":[{"href":"https:\/\/orpheus.hr\/hr\/wp-json\/wp\/v2\/types\/post"}],"author":[{"embeddable":true,"href":"https:\/\/orpheus.hr\/hr\/wp-json\/wp\/v2\/users\/2"}],"replies":[{"embeddable":true,"href":"https:\/\/orpheus.hr\/hr\/wp-json\/wp\/v2\/comments?post=2165"}],"version-history":[{"count":4,"href":"https:\/\/orpheus.hr\/hr\/wp-json\/wp\/v2\/posts\/2165\/revisions"}],"predecessor-version":[{"id":23739,"href":"https:\/\/orpheus.hr\/hr\/wp-json\/wp\/v2\/posts\/2165\/revisions\/23739"}],"wp:attachment":[{"href":"https:\/\/orpheus.hr\/hr\/wp-json\/wp\/v2\/media?parent=2165"}],"wp:term":[{"taxonomy":"category","embeddable":true,"href":"https:\/\/orpheus.hr\/hr\/wp-json\/wp\/v2\/categories?post=2165"},{"taxonomy":"post_tag","embeddable":true,"href":"https:\/\/orpheus.hr\/hr\/wp-json\/wp\/v2\/tags?post=2165"}],"curies":[{"name":"wp","href":"https:\/\/api.w.org\/{rel}","templated":true}]}}